[{"@context":"https:\/\/schema.org\/","@type":"Article","@id":"https:\/\/www.lmat.cz\/poznejte-jak-prijemne-je-v-alpach\/#Article","mainEntityOfPage":"https:\/\/www.lmat.cz\/poznejte-jak-prijemne-je-v-alpach\/","headline":"Poznejte, jak p\u0159\u00edjemn\u011b je v Alp\u00e1ch","name":"Poznejte, jak p\u0159\u00edjemn\u011b je v Alp\u00e1ch","description":"L\u00e1kaj\u00ed v\u00e1s zahrani\u010dn\u00ed hory, ale boj\u00edte se toho, \u017ee se zde nedomluv\u00edte, ztrat\u00edte, zkr\u00e1tka, \u017ee to nebude jako u n\u00e1s v \u010cesku? Jestli\u017ee ano, pak zajist\u00e9 nev\u00edte, \u017ee m\u016f\u017eete p\u0159ijet do \u010desk\u00e9ho penzionu v Alp\u00e1ch, kde se mluv\u00ed va\u0161\u00edm rodn\u00fdm jazykem. V tomto penzionu v\u00e1s \u010dek\u00e1 p\u0159\u00edjemn\u00fd person\u00e1l, vysok\u00e1 m\u00edra komfortu, ale tak\u00e9 bohat\u00fd j\u00eddeln\u00ed [&hellip;]","datePublished":"2023-08-04","dateModified":"2023-08-04","author":{"@type":"Person","@id":"https:\/\/www.lmat.cz\/author\/#Person","name":"","url":"https:\/\/www.lmat.cz\/author\/","identifier":1,"image":{"@type":"ImageObject","@id":"https:\/\/secure.gravatar.com\/avatar\/1e120f96477763896a9e7ab3663c076bf8b67ca32fa1a5943b70761da502a7a7?s=96&d=mm&r=g","url":"https:\/\/secure.gravatar.com\/avatar\/1e120f96477763896a9e7ab3663c076bf8b67ca32fa1a5943b70761da502a7a7?s=96&d=mm&r=g","height":96,"width":96}},"publisher":{"@type":"Organization","name":"lmat.cz","logo":{"@type":"ImageObject","@id":"\/logo.png","url":"\/logo.png","width":600,"height":60}},"url":"https:\/\/www.lmat.cz\/poznejte-jak-prijemne-je-v-alpach\/","wordCount":248,"articleBody":"L\u00e1kaj\u00ed v\u00e1s zahrani\u010dn\u00ed hory, ale boj\u00edte se toho, \u017ee se zde nedomluv\u00edte, ztrat\u00edte, zkr\u00e1tka, \u017ee to nebude jako u n\u00e1s v \u010cesku? Jestli\u017ee ano, pak zajist\u00e9 nev\u00edte, \u017ee m\u016f\u017eete p\u0159ijet do \u010desk\u00e9ho penzionu v Alp\u00e1ch, kde se mluv\u00ed va\u0161\u00edm rodn\u00fdm jazykem. V tomto penzionu v\u00e1s \u010dek\u00e1 p\u0159\u00edjemn\u00fd person\u00e1l, vysok\u00e1 m\u00edra komfortu, ale tak\u00e9 bohat\u00fd j\u00eddeln\u00ed program. Lid\u00e9 si u n\u00e1s pochvaluj\u00ed i poloha, d\u00edky kter\u00e9 je na\u0161e ubytov\u00e1n\u00ed skv\u011blou v\u00fdchoz\u00ed pozic\u00ed pro pozn\u00e1v\u00e1n\u00ed okoln\u00edch krajin. Zkuste se pod\u00edvat, co v\u00e1m na\u0161e okol\u00ed nab\u00eddne, budete rozhodn\u011b nad\u0161eni.A to v\u0161e za n\u00edzk\u00e9 cenyCo v\u00e1s bude nejv\u00edce zaj\u00edmat, jsou p\u0159edev\u0161\u00edm ceny. T\u011bch se nemus\u00edte b\u00e1t, a to i p\u0159esto se nach\u00e1z\u00edme za hranicemi va\u0161eho st\u00e1t\u016f. Ceny jsou u n\u00e1s kr\u00e1sn\u011b lidov\u00e9, zkr\u00e1tka takov\u00e9, aby nevystra\u0161ily, ale sp\u00ed\u0161e p\u0159il\u00e1kaly. Proto se na n\u00e1s m\u016f\u017eete spolehnout a ud\u011blat si u n\u00e1s kr\u00e1snou dovolenou. Jestli\u017ee se k n\u00e1m rozhodnete p\u0159ijet, rozhodn\u011b nebudete litovat. D\u00e1me v\u00e1m v\u0161e, co budete pot\u0159ebovat, a zajist\u00edme, abyste si pobyt u n\u00e1s opravdu u\u017eili. Proto je nejlep\u0161\u00ed sbalit se a vyrazit za n\u00e1mi.                                                                                                                                                                                                                                                                                                                                                                                        4.3\/5 - (17 votes)        "},{"@context":"https:\/\/schema.org\/","@type":"BreadcrumbList","itemListElement":[{"@type":"ListItem","position":1,"name":"Poznejte, jak p\u0159\u00edjemn\u011b je v Alp\u00e1ch","item":"https:\/\/www.lmat.cz\/poznejte-jak-prijemne-je-v-alpach\/#breadcrumbitem"}]}]